{"id":107,"date":"2021-12-06T15:07:03","date_gmt":"2021-12-06T15:07:03","guid":{"rendered":"https:\/\/www.plantagbiosciences.org\/people\/katherine-everette\/?p=107"},"modified":"2021-12-06T15:07:04","modified_gmt":"2021-12-06T15:07:04","slug":"time-to-cop26-on","status":"publish","type":"post","link":"https:\/\/www.plantagbiosciences.org\/people\/katherine-everette\/2021\/12\/06\/time-to-cop26-on\/","title":{"rendered":"Time to COP(26) on?"},"content":{"rendered":"\n<h4 class=\"wp-block-heading\">The long awaited response to the 2021 UN Convention of Parties on Climate in Glasgow, Scotland<\/h4>\n\n\n\n<p>While there are numerous topics from COP26 that deserve attention, for the purposes of this blog I will be focusing on the Glasgow Leaders\u2019 Declaration on Forests and Land Use, particularly within an Irish context. Forests pertain to multiple elements of climate change; not only are they home to a huge number of animal and plant species, they also act as carbon sinks for greenhouse gas mitigation. Deforestation is a key area to tackle climate change impacts, as the destruction of forests contributes to a large percentage of greenhouse gas emissions <a href=\"https:\/\/www.worldwildlife.org\/threats\/deforestation-and-forest-degradation\" data-type=\"URL\" data-id=\"https:\/\/www.worldwildlife.org\/threats\/deforestation-and-forest-degradation\">(around 15% according to WWF)<\/a>. Additionally, deforestation causes changes in the water cycle and precipitation levels, as well as contributing to soil erosion. <\/p>\n\n\n\n<figure class=\"wp-block-image size-large\"><img loading=\"lazy\" decoding=\"async\" width=\"1024\" height=\"205\" src=\"https:\/\/www.plantagbiosciences.org\/people\/katherine-everette\/wp-content\/uploads\/sites\/169\/2021\/12\/amazon-brazil-wwf-1024x205.jpg\" alt=\"\" class=\"wp-image-162\" srcset=\"https:\/\/www.plantagbiosciences.org\/people\/katherine-everette\/wp-content\/uploads\/sites\/169\/2021\/12\/amazon-brazil-wwf-1024x205.jpg 1024w, https:\/\/www.plantagbiosciences.org\/people\/katherine-everette\/wp-content\/uploads\/sites\/169\/2021\/12\/amazon-brazil-wwf-300x60.jpg 300w, https:\/\/www.plantagbiosciences.org\/people\/katherine-everette\/wp-content\/uploads\/sites\/169\/2021\/12\/amazon-brazil-wwf-768x154.jpg 768w, https:\/\/www.plantagbiosciences.org\/people\/katherine-everette\/wp-content\/uploads\/sites\/169\/2021\/12\/amazon-brazil-wwf-1536x307.jpg 1536w, https:\/\/www.plantagbiosciences.org\/people\/katherine-everette\/wp-content\/uploads\/sites\/169\/2021\/12\/amazon-brazil-wwf.jpg 1600w\" sizes=\"auto, (max-width: 1024px) 100vw, 1024px\" \/><figcaption>A WWF-Brazil team flew over the southern region of Par\u00e1 and northern Mato Grosso between the cities of Itaituba, Novo Progresso, S\u00e3o F\u00e9lix do Xingu and Guarant\u00e3 do Norte. In a period of three hours 18 smoke spots were observed. September 2019, Brazil.<\/figcaption><\/figure>\n\n\n\n<p>The Glasgow Leaders&#8217; Declaration on Forest and Land Use urges countries and leaders to move towards a sustainable land use tradition, recognizing it is necessary in order to keep to the Paris Agreement targets and goals within reach. This was one of the first agreements to come out of COP26, and acknowledges the importance of forest and other terrestrial ecosystems as key aspects for conserving biodiversity and mitigating GHG emissions. There are 3,691,510,640 hectares of forest covered within the 141 countries included in the declaration, including Ireland, and the declaration covers 6 main points as follows:<\/p>\n\n\n\n<ol class=\"wp-block-list\"><li>Conserve forests and other terrestrial ecosystems and accelerate their restoration;&nbsp;<\/li><li>Facilitate trade and development policies, internationally and domestically, that promote sustainable development, and sustainable commodity production and consumption, that work to countries\u2019 mutual benefit, and that do not drive deforestation and land degradation;<\/li><li>Reduce vulnerability, build resilience and enhance rural livelihoods, including through empowering communities, the development of profitable, sustainable agriculture, and recognition of the multiple values of forests, while recognising the rights of Indigenous Peoples, as well as local communities, in accordance with relevant national legislation and international instruments, as appropriate;<\/li><li>Implement and, if necessary, redesign agricultural policies and programmes to incentivise sustainable agriculture, promote food security, and benefit the environment;&nbsp;<\/li><li>Reaffirm international financial commitments and significantly increase finance and investment from a wide variety of public and private sources, while also improving its effectiveness and accessibility, to enable sustainable agriculture, sustainable forest management, forest conservation and restoration, and support for Indigenous Peoples and local communities;&nbsp;<\/li><li>Facilitate the alignment of financial flows with international goals to reverse forest loss and degradation, while ensuring robust policies and systems are in place to accelerate the transition to an economy that is resilient and advances forest, sustainable land use, biodiversity and climate goals.&nbsp;<\/li><\/ol>\n\n\n\n<figure class=\"wp-block-image size-full\"><img loading=\"lazy\" decoding=\"async\" width=\"960\" height=\"640\" src=\"https:\/\/www.plantagbiosciences.org\/people\/katherine-everette\/wp-content\/uploads\/sites\/169\/2021\/12\/forests-and-land-use.jpg\" alt=\"\" class=\"wp-image-164\" srcset=\"https:\/\/www.plantagbiosciences.org\/people\/katherine-everette\/wp-content\/uploads\/sites\/169\/2021\/12\/forests-and-land-use.jpg 960w, https:\/\/www.plantagbiosciences.org\/people\/katherine-everette\/wp-content\/uploads\/sites\/169\/2021\/12\/forests-and-land-use-300x200.jpg 300w, https:\/\/www.plantagbiosciences.org\/people\/katherine-everette\/wp-content\/uploads\/sites\/169\/2021\/12\/forests-and-land-use-768x512.jpg 768w\" sizes=\"auto, (max-width: 960px) 100vw, 960px\" \/><figcaption>GLASGOW LEADERS\u2019 DECLARATION ON FORESTS AND LAND USE<\/figcaption><\/figure>\n\n\n\n<blockquote class=\"wp-block-quote is-layout-flow wp-block-quote-is-layout-flow\"><p>[We] recognise that to meet our land use, climate, biodiversity and sustainable development goals, both globally and nationally, will require transformative further action in the&nbsp; interconnected areas of sustainable production and consumption; infrastructure development; trade; finance and investment; and support for smallholders, Indigenous Peoples, and local communities, who depend on forests for their livelihoods and have a key role in their stewardship&#8230;<\/p><p>We urge all leaders to join forces in a sustainable land use transition. This is essential to meeting the Paris Agreement goals, including reducing vulnerability to the impacts of&nbsp; climate change and holding the increase in the global average temperature to well below 2\u00b0C and pursuing efforts to limit it to 1.5\u00b0C, noting that the science shows further&nbsp; acceleration of efforts is needed if we are to collectively keep 1.5\u00b0C within reach. Together we can succeed in fighting climate change, delivering resilient and inclusive growth, and&nbsp; halting and reversing forest loss and land degradation.<\/p><cite>GLASGOW LEADERS\u2019 DECLARATION ON FORESTS AND LAND USE, 12th November 2021 (6pm)<\/cite><\/blockquote>\n\n\n\n<p>This is not the first agreement of its kind, but the range of countries involved is significant as it includes countries that are major contributors to deforestation, such as Brazil, China, Russia, and the United States of America. However, there is not yet promising policy infrastructure to ensure the reduction, let alone the reversal, of deforestation. The national actions of countries are incredibly important in order to uphold these sweeping declarations; for example<a href=\"https:\/\/articlefeed.org\/whats-next-for-the-cop26-forest-deal\/\" data-type=\"URL\" data-id=\"https:\/\/articlefeed.org\/whats-next-for-the-cop26-forest-deal\/\"> in Brazil, Bolsonaro has been notorious for publicly advocating in favor of loggers and other groups that illegally exploit the Amazon\u2019s resources, and undermine Indigenous peoples\u2019 rights over their lands, which include protected forests in the Amazon<\/a>. Ireland is one of the least forested areas in Europe, and commercial forestry company Coillte controls 7% of Ireland\u2019s land, making up over 440,000 hectares of forest, and is well known for their non-native Sitka Spruce plantations The nonprofit branch of the company, Coillte Nature cites <a href=\"https:\/\/www.coillte.ie\/coillte-nature\/coilltenature\/whatwedo\/\" data-type=\"URL\" data-id=\"https:\/\/www.coillte.ie\/coillte-nature\/coilltenature\/whatwedo\/\">their four main strategies to address deforestation as follows<\/a>:<\/p>\n\n\n\n<ol class=\"wp-block-list\"><li><strong>Afforesting<\/strong>&nbsp;our landscapes by&nbsp;planting new native woodlands&nbsp;on un-forested land&nbsp;<\/li><li><strong>Restoring<\/strong>&nbsp;important biodiversity areas&nbsp;by investing in major&nbsp;habitat improvements&nbsp;<\/li><li><strong>Regenerating<\/strong>&nbsp;urban forests&nbsp;for the benefit of people and nature&nbsp;<\/li><li><strong>Rehabilitating<\/strong>&nbsp;ecosystem services&nbsp;by&nbsp;bringing&nbsp;sensitive or&nbsp;degraded&nbsp;lands&nbsp;into better health<\/li><\/ol>\n\n\n\n<div class=\"wp-block-image\"><figure class=\"aligncenter size-full\"><img loading=\"lazy\" decoding=\"async\" width=\"500\" height=\"500\" src=\"https:\/\/www.plantagbiosciences.org\/people\/katherine-everette\/wp-content\/uploads\/sites\/169\/2021\/12\/ardan-wood.png\" alt=\"\" class=\"wp-image-168\" srcset=\"https:\/\/www.plantagbiosciences.org\/people\/katherine-everette\/wp-content\/uploads\/sites\/169\/2021\/12\/ardan-wood.png 500w, https:\/\/www.plantagbiosciences.org\/people\/katherine-everette\/wp-content\/uploads\/sites\/169\/2021\/12\/ardan-wood-300x300.png 300w, https:\/\/www.plantagbiosciences.org\/people\/katherine-everette\/wp-content\/uploads\/sites\/169\/2021\/12\/ardan-wood-150x150.png 150w\" sizes=\"auto, (max-width: 500px) 100vw, 500px\" \/><figcaption>Ardan Wood, an established woodland included on the Ordinance Survey maps of Ireland, carried out in the 1830s-1840s, and potentially included on the Down survey, which would make it over 350 years old and qualify it as an Ancient Woodland. In the care of the Native Woodland Trust.<\/figcaption><\/figure><\/div>\n\n\n\n<p>Other organizations, such as the <a href=\"https:\/\/www.nativewoodlandtrust.ie\/about\/\" data-type=\"URL\" data-id=\"https:\/\/www.nativewoodlandtrust.ie\/about\/\">Native Woodland Trust<\/a>, are working to protect ancient and established woodlands, as well as work towards the restoration of Ireland\u2019s original ecosystem through the re-creation of woodlands using only native seed. The Afforesting as laid out by Coillte is important for the establishment of new woodlands, but the protection of Ireland&#8217;s few precious established woodlands are essential for maintaining biodiversity. Traditional definitions of forests are not the only &#8216;woodland&#8217; relevant within Ireland, however. Hedgerows cover about 4% or 689,000sq km within the country, and are underutilized within farms as they were previously excluded from Common Agricultural Policy (CAP) benefits. <a href=\"https:\/\/www.irishtimes.com\/news\/science\/hedgerows-offer-route-to-increased-carbon-sequestration-on-farms-1.4735645\" data-type=\"URL\" data-id=\"https:\/\/www.irishtimes.com\/news\/science\/hedgerows-offer-route-to-increased-carbon-sequestration-on-farms-1.4735645\">The carbon sequestration abilities of hedgerows within Ireland is understudied, and it is argued that guidelines should be added to the CAP for hedgerow growth and maintenance requirements to maximize their effectiveness on farms.<\/a><\/p>\n\n\n\n<figure class=\"wp-block-image size-full\"><img loading=\"lazy\" decoding=\"async\" width=\"620\" height=\"330\" src=\"https:\/\/www.plantagbiosciences.org\/people\/katherine-everette\/wp-content\/uploads\/sites\/169\/2021\/12\/hedgerows-frank-miller.jpg\" alt=\"\" class=\"wp-image-166\" srcset=\"https:\/\/www.plantagbiosciences.org\/people\/katherine-everette\/wp-content\/uploads\/sites\/169\/2021\/12\/hedgerows-frank-miller.jpg 620w, https:\/\/www.plantagbiosciences.org\/people\/katherine-everette\/wp-content\/uploads\/sites\/169\/2021\/12\/hedgerows-frank-miller-300x160.jpg 300w\" sizes=\"auto, (max-width: 620px) 100vw, 620px\" \/><figcaption>With greater focus on the need for farmers to reduce their greenhouse gas emissions, there is a scramble to identify ways that farmers can sequester carbon on their land. Photograph: Frank Miller<\/figcaption><\/figure>\n\n\n\n<p>Additionally, the acknowledgement within the declaration of other terrestrial ecosystems, thinking specifically of peatlands and boglands, is significant to Ireland. Bogs also act as carbon sinks, and the disruption of these lands for afforestation purposes could contribute to greenhouse gas emissions rather than mitigation. However, there is a disconnect between the Leaders&#8217; Declaration and national actions within Ireland. <a href=\"https:\/\/www.noteworthy.ie\/peats-sake-pt2-peat-bill-5611539-Nov2021\/\" data-type=\"URL\" data-id=\"https:\/\/www.noteworthy.ie\/peats-sake-pt2-peat-bill-5611539-Nov2021\/\">The Horticultural Peat (Temporary Measures) Bill 2021 proposed jointly by Fine Gael and Fianna F\u00e1il<\/a> would remove the current need for planning permission required for peat extraction, requiring only EPA licensing. If passed, the Bill would give a planning derogation for peat extraction for horticultural purposes until 2026 and potentially as far out as 2030, directly in opposition of meeting climate goals. It is clear that Ireland is not the only country with a disconnect between national policy and meeting global targets, and hopefully the commitment to reversing deforestation will be taken seriously at local and national levels.<\/p>\n\n\n\n<p>This disconnect was seen throughout COP26 itself; As I&#8217;m sure you&#8217;re all aware from media coverage, this year&#8217;s Convention of Parties on Climate Change has been quite controversial. From the high carbon meals served at the summit itself, to the giant protests in response, COP26 has been named the &#8216;most exclusionary COP ever.&#8217; Many of the sponsors of the event do not have great environmental track records, which is ironic considering these declarations and pledges to end coal use and deforestation, etc:<\/p>\n\n\n\n<figure class=\"wp-block-embed is-type-video is-provider-tiktok wp-block-embed-tiktok\"><div class=\"wp-block-embed__wrapper\">\n<blockquote class=\"tiktok-embed\" cite=\"https:\/\/www.tiktok.com\/@sophiasmithgaler\/video\/7027154140224687365\" data-video-id=\"7027154140224687365\" style=\"max-width: 605px;min-width: 325px;\" > <section> <a target=\"_blank\" title=\"@sophiasmithgaler\" href=\"https:\/\/www.tiktok.com\/@sophiasmithgaler\">@sophiasmithgaler<\/a> <p>Don\u2019t be suspicious, don\u2019t be suspicious \ud83c\udfb5 <a title=\"cop26\" target=\"_blank\" href=\"https:\/\/www.tiktok.com\/tag\/cop26\">#cop26<\/a> <a title=\"climateaction\" target=\"_blank\" href=\"https:\/\/www.tiktok.com\/tag\/climateaction\">#climateaction<\/a> <a title=\"climatechange\" target=\"_blank\" href=\"https:\/\/www.tiktok.com\/tag\/climatechange\">#climatechange<\/a><\/p> <a target=\"_blank\" title=\"\u266c original sound - Sophia Smith Galer\" href=\"https:\/\/www.tiktok.com\/music\/original-sound-7027154000067824390\">\u266c original sound &#8211; Sophia Smith Galer<\/a> <\/section> <\/blockquote> <script async src=\"https:\/\/www.tiktok.com\/embed.js\"><\/script>\n<\/div><\/figure>\n\n\n\n<p>Large displays of governmental &#8216;commitments&#8217; amidst hundreds of lobbyists for the fossil fuel industry and photo opportunities for celebrities reminded me of series of artwork by Isaac Cordal, which often depicts business men reaping the consequences of catastrophe that they themselves created. Below I have included a small selection of Cordal&#8217;s installations from his Follow the Leaders series, which include his figures half drowning in crude oil, conducting business as the tides are rising around them, and navigating the rubble of a city they destroyed. <\/p>\n\n\n\n<figure class=\"wp-block-gallery columns-3 is-cropped wp-block-gallery-1 is-layout-flex wp-block-gallery-is-layout-flex\"><ul class=\"blocks-gallery-grid\"><li class=\"blocks-gallery-item\"><figure><img loading=\"lazy\" decoding=\"async\" width=\"1024\" height=\"682\" src=\"https:\/\/www.plantagbiosciences.org\/people\/katherine-everette\/wp-content\/uploads\/sites\/169\/2021\/11\/follow-the-leaders-isaac-cordal-brussels-2.jpg\" alt=\"\" data-id=\"140\" data-link=\"https:\/\/www.plantagbiosciences.org\/people\/katherine-everette\/?attachment_id=140\" class=\"wp-image-140\" srcset=\"https:\/\/www.plantagbiosciences.org\/people\/katherine-everette\/wp-content\/uploads\/sites\/169\/2021\/11\/follow-the-leaders-isaac-cordal-brussels-2.jpg 1024w, https:\/\/www.plantagbiosciences.org\/people\/katherine-everette\/wp-content\/uploads\/sites\/169\/2021\/11\/follow-the-leaders-isaac-cordal-brussels-2-300x200.jpg 300w, https:\/\/www.plantagbiosciences.org\/people\/katherine-everette\/wp-content\/uploads\/sites\/169\/2021\/11\/follow-the-leaders-isaac-cordal-brussels-2-768x512.jpg 768w\" sizes=\"auto, (max-width: 1024px) 100vw, 1024px\" \/><figcaption class=\"blocks-gallery-item__caption\">Brussels, 2016<\/figcaption><\/figure><\/li><li class=\"blocks-gallery-item\"><figure><img loading=\"lazy\" decoding=\"async\" width=\"1024\" height=\"682\" src=\"https:\/\/www.plantagbiosciences.org\/people\/katherine-everette\/wp-content\/uploads\/sites\/169\/2021\/11\/follow-the-leaders-isaac-cordal-brussels.jpg\" alt=\"\" data-id=\"141\" data-link=\"https:\/\/www.plantagbiosciences.org\/people\/katherine-everette\/?attachment_id=141\" class=\"wp-image-141\" srcset=\"https:\/\/www.plantagbiosciences.org\/people\/katherine-everette\/wp-content\/uploads\/sites\/169\/2021\/11\/follow-the-leaders-isaac-cordal-brussels.jpg 1024w, https:\/\/www.plantagbiosciences.org\/people\/katherine-everette\/wp-content\/uploads\/sites\/169\/2021\/11\/follow-the-leaders-isaac-cordal-brussels-300x200.jpg 300w, https:\/\/www.plantagbiosciences.org\/people\/katherine-everette\/wp-content\/uploads\/sites\/169\/2021\/11\/follow-the-leaders-isaac-cordal-brussels-768x512.jpg 768w\" sizes=\"auto, (max-width: 1024px) 100vw, 1024px\" \/><figcaption class=\"blocks-gallery-item__caption\">Brussels, 2016<\/figcaption><\/figure><\/li><li class=\"blocks-gallery-item\"><figure><img loading=\"lazy\" decoding=\"async\" width=\"1024\" height=\"576\" src=\"https:\/\/www.plantagbiosciences.org\/people\/katherine-everette\/wp-content\/uploads\/sites\/169\/2021\/11\/follow-the-leaders-isaac-cordal-annency-france-2.jpg\" alt=\"\" data-id=\"142\" data-full-url=\"https:\/\/www.plantagbiosciences.org\/people\/katherine-everette\/wp-content\/uploads\/sites\/169\/2021\/11\/follow-the-leaders-isaac-cordal-annency-france-2.jpg\" data-link=\"https:\/\/www.plantagbiosciences.org\/people\/katherine-everette\/?attachment_id=142\" class=\"wp-image-142\" srcset=\"https:\/\/www.plantagbiosciences.org\/people\/katherine-everette\/wp-content\/uploads\/sites\/169\/2021\/11\/follow-the-leaders-isaac-cordal-annency-france-2.jpg 1024w, https:\/\/www.plantagbiosciences.org\/people\/katherine-everette\/wp-content\/uploads\/sites\/169\/2021\/11\/follow-the-leaders-isaac-cordal-annency-france-2-300x169.jpg 300w, https:\/\/www.plantagbiosciences.org\/people\/katherine-everette\/wp-content\/uploads\/sites\/169\/2021\/11\/follow-the-leaders-isaac-cordal-annency-france-2-768x432.jpg 768w\" sizes=\"auto, (max-width: 1024px) 100vw, 1024px\" \/><figcaption class=\"blocks-gallery-item__caption\">Annency, 2019<\/figcaption><\/figure><\/li><li class=\"blocks-gallery-item\"><figure><img loading=\"lazy\" decoding=\"async\" width=\"1024\" height=\"683\" src=\"https:\/\/www.plantagbiosciences.org\/people\/katherine-everette\/wp-content\/uploads\/sites\/169\/2021\/11\/follow-the-leaders-isaac-cordal-annency-france-1024x683.jpg\" alt=\"\" data-id=\"143\" data-full-url=\"https:\/\/www.plantagbiosciences.org\/people\/katherine-everette\/wp-content\/uploads\/sites\/169\/2021\/11\/follow-the-leaders-isaac-cordal-annency-france.jpg\" data-link=\"https:\/\/www.plantagbiosciences.org\/people\/katherine-everette\/?attachment_id=143\" class=\"wp-image-143\" srcset=\"https:\/\/www.plantagbiosciences.org\/people\/katherine-everette\/wp-content\/uploads\/sites\/169\/2021\/11\/follow-the-leaders-isaac-cordal-annency-france-1024x683.jpg 1024w, https:\/\/www.plantagbiosciences.org\/people\/katherine-everette\/wp-content\/uploads\/sites\/169\/2021\/11\/follow-the-leaders-isaac-cordal-annency-france-300x200.jpg 300w, https:\/\/www.plantagbiosciences.org\/people\/katherine-everette\/wp-content\/uploads\/sites\/169\/2021\/11\/follow-the-leaders-isaac-cordal-annency-france-768x512.jpg 768w, https:\/\/www.plantagbiosciences.org\/people\/katherine-everette\/wp-content\/uploads\/sites\/169\/2021\/11\/follow-the-leaders-isaac-cordal-annency-france.jpg 1200w\" sizes=\"auto, (max-width: 1024px) 100vw, 1024px\" \/><figcaption class=\"blocks-gallery-item__caption\">Annency, 2019<\/figcaption><\/figure><\/li><li class=\"blocks-gallery-item\"><figure><img loading=\"lazy\" decoding=\"async\" width=\"1024\" height=\"683\" src=\"https:\/\/www.plantagbiosciences.org\/people\/katherine-everette\/wp-content\/uploads\/sites\/169\/2021\/11\/follow-the-leaders-isaac-cordal-bilbao-2-1024x683.jpg\" alt=\"\" data-id=\"144\" data-full-url=\"https:\/\/www.plantagbiosciences.org\/people\/katherine-everette\/wp-content\/uploads\/sites\/169\/2021\/11\/follow-the-leaders-isaac-cordal-bilbao-2.jpg\" data-link=\"https:\/\/www.plantagbiosciences.org\/people\/katherine-everette\/?attachment_id=144\" class=\"wp-image-144\" srcset=\"https:\/\/www.plantagbiosciences.org\/people\/katherine-everette\/wp-content\/uploads\/sites\/169\/2021\/11\/follow-the-leaders-isaac-cordal-bilbao-2-1024x683.jpg 1024w, https:\/\/www.plantagbiosciences.org\/people\/katherine-everette\/wp-content\/uploads\/sites\/169\/2021\/11\/follow-the-leaders-isaac-cordal-bilbao-2-300x200.jpg 300w, https:\/\/www.plantagbiosciences.org\/people\/katherine-everette\/wp-content\/uploads\/sites\/169\/2021\/11\/follow-the-leaders-isaac-cordal-bilbao-2-768x512.jpg 768w, https:\/\/www.plantagbiosciences.org\/people\/katherine-everette\/wp-content\/uploads\/sites\/169\/2021\/11\/follow-the-leaders-isaac-cordal-bilbao-2.jpg 1200w\" sizes=\"auto, (max-width: 1024px) 100vw, 1024px\" \/><figcaption class=\"blocks-gallery-item__caption\">Bilbao, 2019<\/figcaption><\/figure><\/li><li class=\"blocks-gallery-item\"><figure><img loading=\"lazy\" decoding=\"async\" width=\"1024\" height=\"683\" src=\"https:\/\/www.plantagbiosciences.org\/people\/katherine-everette\/wp-content\/uploads\/sites\/169\/2021\/11\/follow-the-leaders-isaac-cordal-bilbao-1024x683.jpg\" alt=\"\" data-id=\"145\" data-full-url=\"https:\/\/www.plantagbiosciences.org\/people\/katherine-everette\/wp-content\/uploads\/sites\/169\/2021\/11\/follow-the-leaders-isaac-cordal-bilbao.jpg\" data-link=\"https:\/\/www.plantagbiosciences.org\/people\/katherine-everette\/?attachment_id=145\" class=\"wp-image-145\" srcset=\"https:\/\/www.plantagbiosciences.org\/people\/katherine-everette\/wp-content\/uploads\/sites\/169\/2021\/11\/follow-the-leaders-isaac-cordal-bilbao-1024x683.jpg 1024w, https:\/\/www.plantagbiosciences.org\/people\/katherine-everette\/wp-content\/uploads\/sites\/169\/2021\/11\/follow-the-leaders-isaac-cordal-bilbao-300x200.jpg 300w, https:\/\/www.plantagbiosciences.org\/people\/katherine-everette\/wp-content\/uploads\/sites\/169\/2021\/11\/follow-the-leaders-isaac-cordal-bilbao-768x512.jpg 768w, https:\/\/www.plantagbiosciences.org\/people\/katherine-everette\/wp-content\/uploads\/sites\/169\/2021\/11\/follow-the-leaders-isaac-cordal-bilbao.jpg 1200w\" sizes=\"auto, (max-width: 1024px) 100vw, 1024px\" \/><figcaption class=\"blocks-gallery-item__caption\">Bilbao, 2019<\/figcaption><\/figure><\/li><\/ul><figcaption class=\"blocks-gallery-caption\"> &#8220;Follow the leaders&nbsp;is an installation in process whose sculptures&nbsp;number varies according to circumstances: the population could be from two thousand to five members and it can be presented both outside and inside.<br>Follow the leaders is a critical reflection on our inertia as a social mass&#8230;a metaphor for the collapse of capitalism and the side effects of progress. Representing a social stereotype associated with power compound businessmen who run the global social spectrum.&#8221;  &#8211; Isaac Cordal<\/figcaption><\/figure>\n\n\n\n<p><br><\/p>\n","protected":false},"excerpt":{"rendered":"<p>The long awaited response to the 2021 UN Convention of Parties on Climate in Glasgow, Scotland While there are numerous&hellip;<\/p>\n","protected":false},"author":175,"featured_media":0,"comment_status":"open","ping_status":"open","sticky":false,"template":"","format":"standard","meta":{"footnotes":""},"categories":[1],"tags":[],"class_list":["post-107","post","type-post","status-publish","format-standard","hentry","category-uncategorized"],"_links":{"self":[{"href":"https:\/\/www.plantagbiosciences.org\/people\/katherine-everette\/wp-json\/wp\/v2\/posts\/107","targetHints":{"allow":["GET"]}}],"collection":[{"href":"https:\/\/www.plantagbiosciences.org\/people\/katherine-everette\/wp-json\/wp\/v2\/posts"}],"about":[{"href":"https:\/\/www.plantagbiosciences.org\/people\/katherine-everette\/wp-json\/wp\/v2\/types\/post"}],"author":[{"embeddable":true,"href":"https:\/\/www.plantagbiosciences.org\/people\/katherine-everette\/wp-json\/wp\/v2\/users\/175"}],"replies":[{"embeddable":true,"href":"https:\/\/www.plantagbiosciences.org\/people\/katherine-everette\/wp-json\/wp\/v2\/comments?post=107"}],"version-history":[{"count":22,"href":"https:\/\/www.plantagbiosciences.org\/people\/katherine-everette\/wp-json\/wp\/v2\/posts\/107\/revisions"}],"predecessor-version":[{"id":169,"href":"https:\/\/www.plantagbiosciences.org\/people\/katherine-everette\/wp-json\/wp\/v2\/posts\/107\/revisions\/169"}],"wp:attachment":[{"href":"https:\/\/www.plantagbiosciences.org\/people\/katherine-everette\/wp-json\/wp\/v2\/media?parent=107"}],"wp:term":[{"taxonomy":"category","embeddable":true,"href":"https:\/\/www.plantagbiosciences.org\/people\/katherine-everette\/wp-json\/wp\/v2\/categories?post=107"},{"taxonomy":"post_tag","embeddable":true,"href":"https:\/\/www.plantagbiosciences.org\/people\/katherine-everette\/wp-json\/wp\/v2\/tags?post=107"}],"curies":[{"name":"wp","href":"https:\/\/api.w.org\/{rel}","templated":true}]}}